{"id":365,"date":"2020-10-16T22:57:36","date_gmt":"2020-10-16T22:57:36","guid":{"rendered":"https:\/\/www.pacolara.net\/?p=365"},"modified":"2026-04-17T16:59:13","modified_gmt":"2026-04-17T15:59:13","slug":"emma-y-el-hechizo-de-la-bruja-burlona-2","status":"publish","type":"post","link":"https:\/\/www.pacolara.net\/index.php\/2020\/10\/16\/emma-y-el-hechizo-de-la-bruja-burlona-2\/","title":{"rendered":"Emma, Gusi y el cocodrilo Pillo"},"content":{"rendered":"\n<p>Emma, Gusi y el cocodrilo Pillo es el quinto cuento de la serie Historias de Emma. En \u00e9l, Emma y sus amigos Noli y Gusi, van a buscar frutas del bosque para hacer una gran tarta para el cumplea\u00f1os de Emma. Pero todo se complica cuando, al llegar al r\u00edo que tienen que cruzar para ir al bosque, ven que el puente ha desaparecido\u2026 Y \u00a1peor a\u00fan! por el r\u00edo anda merodeando alguien muy astuto y tramposo: el cocodrilo Pillo.<\/p>\n\n\n\n<p class=\"has-dark-gray-color has-light-gray-background-color has-text-color has-background\">En la pesta\u00f1a <a href=\"https:\/\/www.pacolara.net\/index.php\/emma-gusi-y-el-cocodrilo-pillo\/\"><strong>Hoy<\/strong><\/a> puedes leer un resumen y los primeros cap\u00edtulos. El cuento completo se puede descargar gratis <strong><a href=\"https:\/\/books.apple.com\/es\/book\/emma-gusi-y-el-cocodrilo-pillo\/id1536166204\" target=\"_blank\" rel=\"noreferrer noopener\">aqu\u00ed<\/a><\/strong> en <strong><a href=\"https:\/\/books.apple.com\/author\/paco-lara\/id1528931143#see-all\/books\" target=\"_blank\" rel=\"noreferrer noopener\">Apple Libros<\/a><\/strong> y en <strong><a href=\"https:\/\/play.google.com\/store\/books\/details?id=TKlcEQAAQBAJ\" target=\"_blank\" rel=\"noreferrer noopener\">Google Play<\/a><\/strong>. Puedes escucharlo en el podcast Historias de Emma en <strong><a href=\"https:\/\/podcasts.apple.com\/es\/podcast\/historias-de-emma\/id1532950699\" target=\"_blank\" rel=\"noreferrer noopener\">Apple Podcasts<\/a><\/strong> y en <strong><a href=\"https:\/\/open.spotify.com\/show\/1wjpB0HaNbaMZz4XpmLkxK\" target=\"_blank\" rel=\"noreferrer noopener\">Spotify<\/a><\/strong>. Y tambi\u00e9n puedes leer el cuento en <strong><a href=\"https:\/\/books.google.es\/books?id=TKlcEQAAQBAJ&amp;newbks=0&amp;printsec=frontcover\" target=\"_blank\" rel=\"noreferrer noopener\">Google Libros<\/a><\/strong>.<\/p>\n\n\n<div class=\"wp-block-image is-style-default\">\n<figure class=\"aligncenter size-large is-resized\"><img loading=\"lazy\" decoding=\"async\" width=\"661\" height=\"1024\" src=\"https:\/\/www.pacolara.net\/wp-content\/uploads\/2020\/12\/Portada-2048-Emma-Gusi-y-el-cocodrilo-Pillo-661x1024.jpg\" alt=\"\" class=\"wp-image-411\" style=\"object-fit:contain;width:273px;height:420px\" srcset=\"https:\/\/www.pacolara.net\/wp-content\/uploads\/2020\/12\/Portada-2048-Emma-Gusi-y-el-cocodrilo-Pillo-661x1024.jpg 661w, https:\/\/www.pacolara.net\/wp-content\/uploads\/2020\/12\/Portada-2048-Emma-Gusi-y-el-cocodrilo-Pillo-194x300.jpg 194w, https:\/\/www.pacolara.net\/wp-content\/uploads\/2020\/12\/Portada-2048-Emma-Gusi-y-el-cocodrilo-Pillo-768x1190.jpg 768w, https:\/\/www.pacolara.net\/wp-content\/uploads\/2020\/12\/Portada-2048-Emma-Gusi-y-el-cocodrilo-Pillo-992x1536.jpg 992w, https:\/\/www.pacolara.net\/wp-content\/uploads\/2020\/12\/Portada-2048-Emma-Gusi-y-el-cocodrilo-Pillo-1200x1859.jpg 1200w, https:\/\/www.pacolara.net\/wp-content\/uploads\/2020\/12\/Portada-2048-Emma-Gusi-y-el-cocodrilo-Pillo.jpg 1322w\" sizes=\"auto, (max-width: 709px) 85vw, (max-width: 909px) 67vw, (max-width: 984px) 61vw, (max-width: 1362px) 45vw, 600px\" \/><\/figure>\n<\/div>\n\n\n<hr class=\"wp-block-separator has-css-opacity\"\/>\n","protected":false},"excerpt":{"rendered":"<p>Cuento infantil de la serie Historias de Emma.<\/p>\n","protected":false},"author":3,"featured_media":0,"comment_status":"closed","ping_status":"closed","sticky":false,"template":"","format":"standard","meta":{"footnotes":""},"categories":[5],"tags":[37,52,51,28,30,50],"class_list":["post-365","post","type-post","status-publish","format-standard","hentry","category-hoy","tag-cuento-infantil","tag-el-cocodrilo-pillo","tag-el-gusanito-gusi","tag-emma","tag-historias-de-emma","tag-la-ardilla-noli"],"_links":{"self":[{"href":"https:\/\/www.pacolara.net\/index.php\/wp-json\/wp\/v2\/posts\/365","targetHints":{"allow":["GET"]}}],"collection":[{"href":"https:\/\/www.pacolara.net\/index.php\/wp-json\/wp\/v2\/posts"}],"about":[{"href":"https:\/\/www.pacolara.net\/index.php\/wp-json\/wp\/v2\/types\/post"}],"author":[{"embeddable":true,"href":"https:\/\/www.pacolara.net\/index.php\/wp-json\/wp\/v2\/users\/3"}],"replies":[{"embeddable":true,"href":"https:\/\/www.pacolara.net\/index.php\/wp-json\/wp\/v2\/comments?post=365"}],"version-history":[{"count":16,"href":"https:\/\/www.pacolara.net\/index.php\/wp-json\/wp\/v2\/posts\/365\/revisions"}],"predecessor-version":[{"id":1990,"href":"https:\/\/www.pacolara.net\/index.php\/wp-json\/wp\/v2\/posts\/365\/revisions\/1990"}],"wp:attachment":[{"href":"https:\/\/www.pacolara.net\/index.php\/wp-json\/wp\/v2\/media?parent=365"}],"wp:term":[{"taxonomy":"category","embeddable":true,"href":"https:\/\/www.pacolara.net\/index.php\/wp-json\/wp\/v2\/categories?post=365"},{"taxonomy":"post_tag","embeddable":true,"href":"https:\/\/www.pacolara.net\/index.php\/wp-json\/wp\/v2\/tags?post=365"}],"curies":[{"name":"wp","href":"https:\/\/api.w.org\/{rel}","templated":true}]}}